{"id":9563,"date":"2020-03-14T17:45:00","date_gmt":"2020-03-14T16:45:00","guid":{"rendered":"https:\/\/www.cevvhb.fr\/?p=9563"},"modified":"2022-06-21T17:46:56","modified_gmt":"2022-06-21T15:46:56","slug":"reprise-eclair-et-masque-le-14-et-15-mars","status":"publish","type":"post","link":"https:\/\/www.cevvhb.fr\/index.php\/2020\/03\/14\/reprise-eclair-et-masque-le-14-et-15-mars\/","title":{"rendered":"Reprise \u00e9clair et masqu\u00e9 le 14 et 15 mars"},"content":{"rendered":"\n<p><strong>En onde de sud\u00a0<\/strong><\/p>\n\n\n\n<p><strong>Samedi 14 et dimanche 15 mars&nbsp;&nbsp; 2020<\/strong><\/p>\n\n\n\n<p>Reprise \u00e9clair de l&rsquo;activit\u00e9<\/p>\n\n\n\n<p><br>On a vol\u00e9 !<br>En Twin Samedi, avec 3 contr\u00f4les de comp\u00e9tence, en Peg et en Twin dimanche avec un petit 300 en onde bien appr\u00e9ci\u00e9:<\/p>\n\n\n\n<p><br><strong>15 mars 2020<\/strong><br><\/p>\n\n\n\n<p>Le remorquage a \u00e9t\u00e9 inhabituel: le Pawnee monte bien, et le cheminement a \u00e9t\u00e9 plus direct que d&rsquo;habitude. Le cap quasi direct fait passer au dessus des reliefs et fait craindre des tabassages assez forts. L\u00e0, tout c&rsquo;est bien pass\u00e9 et nous avons largu\u00e9 aux Issarbes \u00e0 presque 2200m. C&rsquo;\u00e9tait le premier remorqu\u00e9 Pawnee pour Michel, et on l&rsquo;a mis directement en onde ! Merci Michel<br><br>L&rsquo;accrochage a \u00e9t\u00e9 tr\u00e8s facile. D\u00e9s le passage en laminaire nous avons mis le cap \u00e0 l&rsquo;Est. le ressaut de Gourette \u00e9tait bon.&nbsp; Son orientation semblait assez Ouest, ce qui nous a un peu perturb\u00e9 pour la suite.<br>Arriv\u00e9s \u00e0 Luz St Sauveur, Michel nous a pr\u00e9venu que le ciel se bouchait en dessous de lui. On aurait pu aller plus loin \u00e0 l&rsquo;Est mais d\u00e9cision fut prise de retourner vers l&rsquo;Ouest.<br>Le Montagnon semblait accroch\u00e9, nous avons contourn\u00e9 par le Nord. Ce n&rsquo;\u00e9tait sans doute pas utile, mais le cheminement \u00e9tait bon.<br>Nous avons suivi le trottoir \u00e0 l&rsquo;Ouest, tout en surveillant les congestus qui montaient dans le secteur Ouest d&rsquo;Oloron.&nbsp;<br>Retour sans histoire. Descente aux AF.<br>La m\u00e9t\u00e9o avait pr\u00e9vu la pluie vers 16:00. On a pris des gouttes en finale \u00e0 15:50.<br><br>On a fait le vol avec les masques. C&rsquo;est d\u00e9sagr\u00e9able: la bu\u00e9e monte dans les lunettes. Mais il faut se pr\u00e9parer \u00e0 des lendemains pas radieux. Dommage. On a un super remorqueur et nos pilotes sont super motiv\u00e9s.<br><br>Mais \u00e7a s&rsquo;arr\u00eate &#8230;<br><\/p>\n\n\n\n<p>La FFVP nous demande d&rsquo;arr\u00eater l&rsquo;activit\u00e9.&nbsp;<\/p>\n\n\n\n<p><br>Pierre<\/p>\n\n\n\n<p><strong>1<\/strong><strong>5<\/strong><strong>&nbsp;mars 2020<\/strong><br><br><br>D\u00e9coll\u00e9 de St Gaudens, j&rsquo;ai attrap\u00e9 l&rsquo;onde dans le ressaut de l&rsquo;Aneto apr\u00e8s quelques recherches dans un brassage mod\u00e9r\u00e9. Ensuite j&rsquo;ai fait une promenade vers Le N\u00e9ouvielle, un retour vers la vall\u00e9e d&rsquo;Aure, un nouveau point vers La Mongie et j&rsquo;ai fini au Gar. On voyait tr\u00e8s bien les congestus d\u00e9passer de la couche d\u00e8s le d\u00e9but du vol qui aurait pu \u00eatre plus long si le montage du planeur avait \u00e9t\u00e9 plus rapide (la cordelette d&rsquo;un ballast s&rsquo;est coinc\u00e9e entre le fuselage et l&#8217;emplanture &#8230;).<br><br>Luchon est ferm\u00e9. Je pense que S\u00e9bastien va nous annoncer une nouvelle en ce sens dans la semaine.&nbsp;<\/p>\n\n\n\n<p>Florian<\/p>\n\n\n\n<p>Les images de Florian:<br><img fetchpriority=\"high\" decoding=\"async\" src=\"https:\/\/www.cevvhb.fr\/Ancien\/Pages\/recits\/recits2020\/fb202003015_files\/image01.jpg\" alt=\"image\" width=\"960\" height=\"720\"><\/p>\n\n\n\n<p><img decoding=\"async\" src=\"https:\/\/www.cevvhb.fr\/Ancien\/Pages\/recits\/recits2020\/fb202003015_files\/image02.jpg\" alt=\"image2\" width=\"960\" height=\"720\"><\/p>\n\n\n\n<p><img decoding=\"async\" src=\"https:\/\/www.cevvhb.fr\/Ancien\/Pages\/recits\/recits2020\/fb202003015_files\/image03.jpg\" alt=\"image3\" width=\"960\" height=\"720\"><\/p>\n\n\n\n<p><img loading=\"lazy\" decoding=\"async\" src=\"https:\/\/www.cevvhb.fr\/Ancien\/Pages\/recits\/recits2020\/fb202003015_files\/image04.jpg\" alt=\"image\" width=\"960\" height=\"720\"><\/p>\n\n\n\n<p>images de Florent, en \u00e9quipage avec Pierre:<\/p>\n\n\n\n<p><img loading=\"lazy\" decoding=\"async\" src=\"https:\/\/www.cevvhb.fr\/Ancien\/Pages\/recits\/recits2020\/fb202003015_files\/pierre01.jpg\" alt=\"image\" width=\"1080\" height=\"720\"><\/p>\n\n\n\n<p><img loading=\"lazy\" decoding=\"async\" src=\"https:\/\/www.cevvhb.fr\/Ancien\/Pages\/recits\/recits2020\/fb202003015_files\/pierre02.jpg\" alt=\"image\" width=\"1080\" height=\"720\"><\/p>\n\n\n\n<p><img loading=\"lazy\" decoding=\"async\" width=\"1080\" height=\"720\" src=\"https:\/\/www.cevvhb.fr\/Ancien\/Pages\/recits\/recits2020\/fb202003015_files\/Pierre03.jpg\" alt=\"masqu\u00e9\"><\/p>\n\n\n\n<p><br>Note du webmaster: Et effectivement ensuite le Coronavirus nous a clou\u00e9 tous au sol, sinon au lit pour un moment<em><br><\/em><\/p>\n","protected":false},"excerpt":{"rendered":"<p>En onde de sud\u00a0 Samedi 14 et dimanche 15 mars&nbsp;&nbsp; 2020 Reprise \u00e9clair de l&rsquo;activit\u00e9 On a vol\u00e9 !En Twin Samedi, avec 3 contr\u00f4les de comp\u00e9tence, en Peg et en [&hellip;]<\/p>\n","protected":false},"author":1,"featured_media":9564,"comment_status":"open","ping_status":"open","sticky":false,"template":"","format":"standard","meta":{"footnotes":""},"categories":[53],"tags":[],"class_list":["post-9563","post","type-post","status-publish","format-standard","has-post-thumbnail","hentry","category-onde"],"_links":{"self":[{"href":"https:\/\/www.cevvhb.fr\/index.php\/wp-json\/wp\/v2\/posts\/9563","targetHints":{"allow":["GET"]}}],"collection":[{"href":"https:\/\/www.cevvhb.fr\/index.php\/wp-json\/wp\/v2\/posts"}],"about":[{"href":"https:\/\/www.cevvhb.fr\/index.php\/wp-json\/wp\/v2\/types\/post"}],"author":[{"embeddable":true,"href":"https:\/\/www.cevvhb.fr\/index.php\/wp-json\/wp\/v2\/users\/1"}],"replies":[{"embeddable":true,"href":"https:\/\/www.cevvhb.fr\/index.php\/wp-json\/wp\/v2\/comments?post=9563"}],"version-history":[{"count":0,"href":"https:\/\/www.cevvhb.fr\/index.php\/wp-json\/wp\/v2\/posts\/9563\/revisions"}],"wp:featuredmedia":[{"embeddable":true,"href":"https:\/\/www.cevvhb.fr\/index.php\/wp-json\/wp\/v2\/media\/9564"}],"wp:attachment":[{"href":"https:\/\/www.cevvhb.fr\/index.php\/wp-json\/wp\/v2\/media?parent=9563"}],"wp:term":[{"taxonomy":"category","embeddable":true,"href":"https:\/\/www.cevvhb.fr\/index.php\/wp-json\/wp\/v2\/categories?post=9563"},{"taxonomy":"post_tag","embeddable":true,"href":"https:\/\/www.cevvhb.fr\/index.php\/wp-json\/wp\/v2\/tags?post=9563"}],"curies":[{"name":"wp","href":"https:\/\/api.w.org\/{rel}","templated":true}]}}