{"id":8461,"date":"2021-04-23T17:59:00","date_gmt":"2021-04-23T15:59:00","guid":{"rendered":"https:\/\/www.cevvhb.fr\/?p=8461"},"modified":"2022-06-21T16:37:39","modified_gmt":"2022-06-21T14:37:39","slug":"confluence-de-printemps","status":"publish","type":"post","link":"https:\/\/www.cevvhb.fr\/index.php\/2021\/04\/23\/confluence-de-printemps\/","title":{"rendered":"Confluence de printemps"},"content":{"rendered":"\n<p><strong>Confluence, encore.&nbsp;<\/strong><\/p>\n\n\n\n<p><strong>23 avril 2021<\/strong><\/p>\n\n\n\n<p>La situation ressemble un peu \u00e0 celle du 31 mars. R\u00e9gime faiblement Sud sur le relief, mais la masse d&rsquo;air en basse couches arrive de l&rsquo;Est. La diff\u00e9rence est n\u00e9anmoins de taille: pas (encore) de sable pour flouter la visibilit\u00e9 qui est cristalline, et il fait plus frais.&nbsp;<\/p>\n\n\n\n<p>Le remorqu\u00e9 est d\u00e9licat. On est en d\u00e9but de convection, longer le relief avec de longues plumes dans une turbulence s\u00e9v\u00e8re et \u00e9troite avec un avion qui fait le yoyo n&rsquo;est pas ma tasse de th\u00e9. Au troisi\u00e8me yoyo, on largue. Inutile d&rsquo;aggraver la situation. On est au niveau de la cr\u00eate du Mail Arrouih \u00e0 1300m. La pompe est virulente et nous propage vite \u00e0 1700m, mais il va falloir un bon moment encore avant de passer au dessus de la cr\u00eate Aspe Ossau. C&rsquo;est un d\u00e9part v\u00e9livolement \u00e9l\u00e9gant, mais \u00e9videmment plus laborieux que de se faire remorquer directement vers le Lauriolle. La plupart du temps un largage bas ne permet pas de sortir de la masse d&rsquo;air inferieure mais aujourd&rsquo;hui, il n&rsquo;y a pas de couche d&rsquo;inversion et le niveau de condensation monte dans le relief. Il faut juste trouver la pompe qui permet d&rsquo;avancer vers une zone meilleure, en \u00e9vitant d&rsquo;essayer de raccrocher \u00e0 l&rsquo;ombre de la dite confluence: pas de soleil, pas d&rsquo;ascendance. Cela nous prendra tout de m\u00eame 35 mn pour arriver au \u00ab\u00a0front\u00a0\u00bb ou \u00ab\u00a0plafond\u00a0\u00bb de la confluence, sous la partie la plus haute des bases, d\u00e9cal\u00e9e cot\u00e9 chaine et \u00e0 2900m. Et quand on y arrive, le cheminement est tout trac\u00e9, alors que 10 minutes avant on ne voyait pas encore avec certitude o\u00f9 cela allait se passer.<\/p>\n\n\n\n<figure class=\"wp-block-image\"><img decoding=\"async\" src=\"https:\/\/www.cevvhb.fr\/Ancien\/Pages\/recits\/recits2021\/vf20210423_files\/00depart.jpg\" alt=\"depart\"\/><\/figure>\n\n\n\n<figure class=\"wp-block-image\"><img decoding=\"async\" src=\"https:\/\/www.cevvhb.fr\/Ancien\/Pages\/recits\/recits2021\/vf20210423_files\/01departcoupe.jpg\" alt=\"coupe\"\/><\/figure>\n\n\n\n<figure class=\"wp-block-image\"><img decoding=\"async\" src=\"https:\/\/www.cevvhb.fr\/Ancien\/Pages\/recits\/recits2021\/vf20210423_files\/02roumendares.jpg\" alt=\"Roumendares\"\/><\/figure>\n\n\n\n<p>Du monde sur le Roumendares<\/p>\n\n\n\n<p>A gauche une chandelle de confluence et \u00e0 droite, au sud du Gabizos le plafond max: c&rsquo;est la route \u00e0 suivre<br><img fetchpriority=\"high\" decoding=\"async\" src=\"https:\/\/www.cevvhb.fr\/Ancien\/Pages\/recits\/recits2021\/vf20210423_files\/03cheminement.jpg\" alt=\"Cheminement\" height=\"693\" width=\"1134\"><\/p>\n\n\n\n<p>Aujourd&rsquo;hui, c&rsquo;est tourn\u00e9e des stations de ski, vous savez, ces endroits de la montagne o\u00f9 on glisse sur la neige au moyens de planches \u00e0 bouts courb\u00e9s apr\u00e8s avoir \u00e9t\u00e9 hiss\u00e9 au sommet par un remont\u00e9e dite m\u00e9canique. J&rsquo;\u00e9cris \u00e7a, parce que les circonstances 2021 font que peut \u00eatre certain lecteur aurait oubli\u00e9 ce que sont les sports d&rsquo;hiver.<\/p>\n\n\n\n<p>Gourette, Cauterets, Luz Ardiden, Grand Tourmalet, St Lary, Val Louron, Peyragudes, Super-Bagn\u00e8res, Baqueira, Granvalira. Et retour presque par le m\u00eame itin\u00e9raire. On a observ\u00e9 qu&rsquo;\u00e0 l&rsquo;Est de la Garonne,&nbsp;&nbsp;la confluence \u00e9tait plut\u00f4t, comme annonc\u00e9e, sur un axe Trois Seigneurs &#8211; St Barth\u00e9l\u00e9my (cot\u00e9 Ari\u00e8ge donc) mais le cot\u00e9 Espagnol donnait aussi bien. On pouvait y naviguer en gardant le local du cot\u00e9 fran\u00e7ais.<\/p>\n\n\n\n<p>Peu de planeurs&nbsp;&nbsp;en l&rsquo;air, mais quelques uns quand m\u00eame. A qui nous demandait \u00e0 la radio si on \u00e9tait all\u00e9 loin \u00e0 l&rsquo;Est, on a r\u00e9pondu qu&rsquo;on ne savait pas bien o\u00f9 on avait tourn\u00e9 car on connait mal la r\u00e9gion. Y a pas eu de r\u00e9action audible, mais \u00e7a a du bien rigoler dans les cockpits.<\/p>\n\n\n\n<figure class=\"wp-block-image\"><img decoding=\"async\" src=\"https:\/\/www.cevvhb.fr\/Ancien\/Pages\/recits\/recits2021\/vf20210423_files\/04vignemale.jpg\" alt=\"Vignemale\"\/><\/figure>\n\n\n\n<p>Lac de Gaube et Vignemale emball\u00e9. Le vent est incontestablement de secteur Sud<\/p>\n\n\n\n<p>Pla de Beret et station de Baqueira. \u00e7a a bien fondu sur le bas depuis le 31 mars, mais en altitude il y a partout de la neige fraiche (et blanche)<\/p>\n\n\n\n<figure class=\"wp-block-image\"><img decoding=\"async\" src=\"https:\/\/www.cevvhb.fr\/Ancien\/Pages\/recits\/recits2021\/vf20210423_files\/05baqueira.jpg\" alt=\"Baqueira\"\/><\/figure>\n\n\n\n<figure class=\"wp-block-image\"><img decoding=\"async\" src=\"https:\/\/www.cevvhb.fr\/Ancien\/Pages\/recits\/recits2021\/vf20210423_files\/06soulcem.jpg\" alt=\"Soulcem\"\/><\/figure>\n\n\n\n<p>Etang de Soulcem et au loin la confluence sur les 3 seigneurs.<\/p>\n\n\n\n<p>Photo au point de virage. Vous connaissez.&nbsp;<\/p>\n\n\n\n<figure class=\"wp-block-image\"><img decoding=\"async\" src=\"https:\/\/www.cevvhb.fr\/Ancien\/Pages\/recits\/recits2021\/vf20210423_files\/07soldeu.jpg\" alt=\"Soldeu\"\/><\/figure>\n\n\n\n<p><img decoding=\"async\" src=\"https:\/\/www.cevvhb.fr\/Ancien\/Pages\/recits\/recits2021\/vf20210423_files\/08a-confluence.jpg\" alt=\"Confluence\" height=\"850\" width=\"1134\"><br>La confluence est install\u00e9e au Nord de Luchon en liaison avec l&rsquo;ari\u00e8ge \u00e0 l&rsquo;Est et l&rsquo;Arbizon \u00e0 l&rsquo;Ouest (on n&rsquo;est pas dedans mais dans la masse d&rsquo;air du val d&rsquo;Aran au moment de la photo)<\/p>\n\n\n\n<figure class=\"wp-block-image\"><img decoding=\"async\" src=\"https:\/\/www.cevvhb.fr\/Ancien\/Pages\/recits\/recits2021\/vf20210423_files\/08planeur.jpg\" alt=\"planeur\"\/><\/figure>\n\n\n\n<p>Vous aussi, cherchez le planeur qui se cache au dessus de la face Ouest du C\u00e9cir\u00e9. (sans flarm sur votre ordi, c&rsquo;est plus difficile n&rsquo;est-ce pas?)<\/p>\n\n\n\n<p>Peyragudes. Sans neige, c&rsquo;est une peu triste, mais on est en avril&#8230; A droite, la piste de l&rsquo;altiport.<\/p>\n\n\n\n<figure class=\"wp-block-image\"><img decoding=\"async\" src=\"https:\/\/www.cevvhb.fr\/Ancien\/Pages\/recits\/recits2021\/vf20210423_files\/09peyresourde.jpg\" alt=\"Peyresourde\"\/><\/figure>\n\n\n\n<figure class=\"wp-block-image\"><img decoding=\"async\" src=\"https:\/\/www.cevvhb.fr\/Ancien\/Pages\/recits\/recits2021\/vf20210423_files\/10neouvielle.jpg\" alt=\"Lac N\u00e8re\"\/><\/figure>\n\n\n\n<p>Le N\u00e9ouvielle \u00e0 gauche et les lacs N\u00e8re et de Tracens encore gel\u00e9s mais rouge-sahara.<\/p>\n\n\n\n<p>Jusqu&rsquo;au Soussou\u00e9ou, ce plat situ\u00e9 entre Artouste et Gabizos, le vent de sud \u00e9tait discret. Et puis l\u00e0, c&rsquo;est devenu turbulent et difficile \u00e0 enrouler. On n&rsquo;est plus, \u00e0 altitude similaire, prot\u00e9g\u00e9 par le relief. L&rsquo;air s&rsquo;engouffre dans le col du Pourtalet qui est \u00e0 moins de 1800m. Quand on parcourt la chaine d&rsquo;Est en Ouest, c&rsquo;est le point le plus bas depuis&#8230; La Llagonne. Avec une composante de vent de Sud Est, c&rsquo;est la 1ere sortie basse vers le Nord depuis loin \u00e0 l&rsquo;Est, et cela explique aussi que bien souvent \u00e7a souffle plus fort sur les cr\u00eates&nbsp;basques, m\u00eame en absence de gradient de pression d\u00fb par exemple \u00e0 l&rsquo;approche d&rsquo;une d\u00e9pression atlantique. On a saut\u00e9 la cr\u00eate Aspe-Ossau au sud du Turon de Sesques, et trouv\u00e9 une pompe partant de cette vall\u00e9e descendant vers le chemin de la m\u00e2ture, mais appartenant \u00e0 un aigle royal un peu agressif, que l&rsquo;on a fui avant que cela ne devienne conflictuel. Il nous a suivi le t\u00eatu, mais \u00e9tait plus bas \u00e0 la pompe suivante (bien fait!) laquelle \u00e9tait hach\u00e9e, comme tout ce qu&rsquo;on a essay\u00e9 d&rsquo;enrouler ensuite en face Ouest du Sesque. Sous le vent d&rsquo;une cr\u00eate m\u00eame ensoleill\u00e9e c&rsquo;est rarement cool. On a raccroch\u00e9 sur les orgues, et pouss\u00e9 un peu \u00e0 l&rsquo;Ouest par La Pierre St Martin. On est en avril, mais il y a encore des incendiaires en action en terre basque, cot\u00e9 Nord. Le pr\u00e9fet les a d&rsquo;ailleurs dans la soir\u00e9e rappel\u00e9s \u00e0 l&rsquo;ordre: pas de feu autoris\u00e9 ce week-end. Vent de Sud et d\u00e9ficit hydrique notoire (moins de 100 mm depuis d\u00e9but f\u00e9vrier, c&rsquo;est ce qui tombe en un mois normalement). il pleut \u00e0 partir de lundi prochain \u00e7a va calmer le jeu.<\/p>\n\n\n\n<figure class=\"wp-block-image\"><img decoding=\"async\" src=\"https:\/\/www.cevvhb.fr\/Ancien\/Pages\/recits\/recits2021\/vf20210423_files\/11ecobuage.jpg\" alt=\"ecobuage\"\/><\/figure>\n\n\n\n<figure class=\"wp-block-image\"><img decoding=\"async\" src=\"https:\/\/www.cevvhb.fr\/Ancien\/Pages\/recits\/recits2021\/vf20210423_files\/12arbailles.jpg\" alt=\"arbailles\"\/><\/figure>\n\n\n\n<p>La confluence allait presque jusqu&rsquo;\u00e0 la c\u00f4te, mais il y a un moment o\u00f9 il faut raison garder, surtout en ce moment. On s&rsquo;est arr\u00eat\u00e9 sous ce cumulus<\/p>\n\n\n\n<p>Les sommets basques depuis la verticale des Arbailles. C&rsquo;est plut\u00f4t lors des vols d&rsquo;onde qu&rsquo;on les voit, mais finalement moins bien car sous un angle plus vertical.<\/p>\n\n\n\n<figure class=\"wp-block-image\"><img decoding=\"async\" src=\"https:\/\/www.cevvhb.fr\/Ancien\/Pages\/recits\/recits2021\/vf20210423_files\/13mer.jpg\" alt=\"sommet basques\"\/><\/figure>\n\n\n\n<p>On est rentr\u00e9 bien avant la fin de la convection.<\/p>\n\n\n\n<p>La montagne est belle.<\/p>\n","protected":false},"excerpt":{"rendered":"<p>Confluence, encore.&nbsp; 23 avril 2021 La situation ressemble un peu \u00e0 celle du 31 mars. R\u00e9gime faiblement Sud sur le relief, mais la masse d&rsquo;air en basse couches arrive de [&hellip;]<\/p>\n","protected":false},"author":1,"featured_media":8462,"comment_status":"open","ping_status":"open","sticky":false,"template":"","format":"standard","meta":{"footnotes":""},"categories":[52],"tags":[],"class_list":["post-8461","post","type-post","status-publish","format-standard","has-post-thumbnail","hentry","category-montagne"],"_links":{"self":[{"href":"https:\/\/www.cevvhb.fr\/index.php\/wp-json\/wp\/v2\/posts\/8461","targetHints":{"allow":["GET"]}}],"collection":[{"href":"https:\/\/www.cevvhb.fr\/index.php\/wp-json\/wp\/v2\/posts"}],"about":[{"href":"https:\/\/www.cevvhb.fr\/index.php\/wp-json\/wp\/v2\/types\/post"}],"author":[{"embeddable":true,"href":"https:\/\/www.cevvhb.fr\/index.php\/wp-json\/wp\/v2\/users\/1"}],"replies":[{"embeddable":true,"href":"https:\/\/www.cevvhb.fr\/index.php\/wp-json\/wp\/v2\/comments?post=8461"}],"version-history":[{"count":0,"href":"https:\/\/www.cevvhb.fr\/index.php\/wp-json\/wp\/v2\/posts\/8461\/revisions"}],"wp:featuredmedia":[{"embeddable":true,"href":"https:\/\/www.cevvhb.fr\/index.php\/wp-json\/wp\/v2\/media\/8462"}],"wp:attachment":[{"href":"https:\/\/www.cevvhb.fr\/index.php\/wp-json\/wp\/v2\/media?parent=8461"}],"wp:term":[{"taxonomy":"category","embeddable":true,"href":"https:\/\/www.cevvhb.fr\/index.php\/wp-json\/wp\/v2\/categories?post=8461"},{"taxonomy":"post_tag","embeddable":true,"href":"https:\/\/www.cevvhb.fr\/index.php\/wp-json\/wp\/v2\/tags?post=8461"}],"curies":[{"name":"wp","href":"https:\/\/api.w.org\/{rel}","templated":true}]}}